{"id":1424,"date":"2026-08-28T08:56:57","date_gmt":"2026-08-28T05:56:57","guid":{"rendered":"https:\/\/trainfactory.com\/?p=1424"},"modified":"2026-08-28T08:56:57","modified_gmt":"2026-08-28T05:56:57","slug":"vesterinen-yhtyeineen-the-train-factorylla-28-29-8-2026","status":"publish","type":"post","link":"https:\/\/trainfactory.com\/en\/vesterinen-yhtyeineen-the-train-factorylla-28-29-8-2026\/","title":{"rendered":"Vesterinen Yhtyeineen at The Train Factory, 28\u201329 August 2026"},"content":{"rendered":"<p>The Train Factory is pleased to welcome Vesterinen Yhtyeineen for two special concert evenings at the end of August. The band will perform at The Train Factory\u2019s outdoor event area on Friday 28th of August and Saturday 29th of August 2026.&nbsp;<\/p>\n\n\n\n<p><strong>The Train Factory \u2013 Yard<\/strong><br>Konepajapasaasi 1, Helsinki<\/p>\n\n\n\n<h3 class=\"wp-block-heading\"><strong>Friday 28 August \u2013 Charity Concert<\/strong><\/h3>\n\n\n\n<p><strong>Doors 18:00<\/strong><br><strong>Showtime 20.00<\/strong><\/p>\n\n\n\n<p>Vesterinen Yhtyeineen will celebrate their 20-year career with a charity concert at The Train Factory. Proceeds from the concert will be donated to MIELI ry to support mental health work for young people.&nbsp;<\/p>\n\n\n\n<h3 class=\"wp-block-heading\"><strong>Saturday 29 August \u2013 20th Anniversary Concert<\/strong><\/h3>\n\n\n\n<p><strong>Doors 18:00<\/strong><br><strong>Showtime 20.00<\/strong><\/p>\n\n\n\n<p>On Saturday, Vesterinen Yhtyeineen will celebrate their 20-year career with a special anniversary concert featuring an 18-piece ensemble. The evening will include music from the new Liian hiljaista album alongside songs from throughout the band\u2019s career, familiar favourites and special surprises.&nbsp;<em>Liian hiljaista<\/em>&nbsp;album alongside songs from throughout the band\u2019s career, familiar favourites and special surprises.&nbsp;<\/p>\n\n\n\n<h3 class=\"wp-block-heading\"><strong>Getting here<\/strong><\/h3>\n\n\n\n<p>The Train Factory is easily accessible on foot, by bicycle and by public transport. We recommend arriving by public transport, as parking in the surrounding area is limited.&nbsp;<\/p>\n\n\n\n<p><strong>Public transport options include:<\/strong><\/p>\n\n\n\n<ul class=\"wp-block-list\">\n<li>Trams\u00a0<strong>3 (stop Linnanm\u00e4ki) and 9 (stop Kotkankatu).\u00a0<\/strong><\/li>\n\n\n\n<li>Bussit\u00a0<strong>Buses 59 (stop Pasilan Konepaja) and 510 (stop Sturenkatu).\u00a0<\/strong><\/li>\n\n\n\n<li><strong>Pasila railway station<\/strong>\u00a0approximately 1 km \/ 10 minutes on foot<\/li>\n\n\n\n<li><strong>S\u00f6rn\u00e4inen metro station<\/strong>\u00a0approximately 1.3 km \/ 15 minutes on foot<\/li>\n<\/ul>\n\n\n\n<p>Please check the HSL Journey Planner for the most up-to-date route before travelling.<\/p>\n\n\n\n<h3 class=\"wp-block-heading\"><strong>Food &amp; drinks<\/strong><\/h3>\n\n\n\n<p>Concert guests can enjoy the wide selection of food and drinks available at The Train Factory\u2019s Market Hall before the concert and during the event. Vegetarian and non-alcoholic options are also available.&nbsp;<\/p>\n\n\n\n<p>The entire event area operates as a licensed alcohol serving area.&nbsp;<\/p>\n\n\n\n<h3 class=\"wp-block-heading\"><strong>Good to know<\/strong><\/h3>\n\n\n\n<p>The concerts will take place outdoors, so please dress according to the weather.&nbsp;<strong>Umbrellas are not permitted inside the event area,<\/strong>so we recommend bringing a raincoat or other suitable rainwear if needed.&nbsp;<\/p>\n\n\n\n<p>The event area includes toilets, an accessible viewing platform, first aid and other event services. The audience area is primarily standing, although a limited number of seats will also be available.&nbsp;<\/p>\n\n\n\n<p>More detailed information about the area map, safety, accessibility and permitted and prohibited items will be shared on The Train Factory\u2019s social media channels before the event.<\/p>\n\n\n\n<p><strong>See you at The Train Factory on 28th\u201329th of August 2026.<\/strong><\/p>","protected":false},"excerpt":{"rendered":"<p>Train Factory toivottaa Vesterinen Yhtyeineen l\u00e4mpim\u00e4sti tervetulleeksi kahdeksi erityiseksi konsertti-illaksi elokuun viimeisen\u00e4 viikonloppuna. Yhtye esiintyy Train Factoryn ulkoilmatapahtuma-alueella perjantaina 28.8. ja lauantaina 29.8.2026.&nbsp; The Train Factory \u2013 YardKonepajapasaasi 1, Helsinki Perjantai 28.8. \u2013 Hyv\u00e4ntekev\u00e4isyyskeikka Portit klo 18.00Showtime klo 20.00 Vesterinen Yhtyeineen juhlistaa 20-vuotista uraansa hyv\u00e4ntekev\u00e4isyyskeikalla Train Factorylla. Konsertin tuotot ohjataan MIELI ry:lle nuorten mielenterveysty\u00f6n tukemiseen.&nbsp; [&hellip;]<\/p>\n","protected":false},"author":2,"featured_media":1425,"comment_status":"closed","ping_status":"open","sticky":false,"template":"","format":"standard","meta":{"footnotes":""},"categories":[9],"tags":[10],"class_list":["post-1424","post","type-post","status-publish","format-standard","has-post-thumbnail","hentry","category-tapahtumat","tag-yard"],"yoast_head":"<!-- This site is optimized with the Yoast SEO plugin v28.4 - https:\/\/yoast.com\/product\/yoast-seo-wordpress\/ -->\n<title>Vesterinen Yhtyeineen The Train Factorylla 28.\u201329.8.2026 - Trainfactory<\/title>\n<meta name=\"robots\" content=\"noindex, follow, max-snippet:-1, max-image-preview:large, max-video-preview:-1\" \/>\n<meta property=\"og:locale\" content=\"en_GB\" \/>\n<meta property=\"og:type\" content=\"article\" \/>\n<meta property=\"og:title\" content=\"Vesterinen Yhtyeineen The Train Factorylla 28.\u201329.8.2026 - Trainfactory\" \/>\n<meta property=\"og:description\" content=\"Train Factory toivottaa Vesterinen Yhtyeineen l\u00e4mpim\u00e4sti tervetulleeksi kahdeksi erityiseksi konsertti-illaksi elokuun viimeisen\u00e4 viikonloppuna. Yhtye esiintyy Train Factoryn ulkoilmatapahtuma-alueella perjantaina 28.8. ja lauantaina 29.8.2026.&nbsp; The Train Factory \u2013 YardKonepajapasaasi 1, Helsinki Perjantai 28.8. \u2013 Hyv\u00e4ntekev\u00e4isyyskeikka Portit klo 18.00Showtime klo 20.00 Vesterinen Yhtyeineen juhlistaa 20-vuotista uraansa hyv\u00e4ntekev\u00e4isyyskeikalla Train Factorylla. Konsertin tuotot ohjataan MIELI ry:lle nuorten mielenterveysty\u00f6n tukemiseen.&nbsp; [&hellip;]\" \/>\n<meta property=\"og:url\" content=\"https:\/\/trainfactory.com\/en\/vesterinen-yhtyeineen-the-train-factorylla-28-29-8-2026\/\" \/>\n<meta property=\"og:site_name\" content=\"Trainfactory\" \/>\n<meta property=\"article:published_time\" content=\"2026-08-28T05:56:57+00:00\" \/>\n<meta property=\"og:image\" content=\"https:\/\/trainfactory.com\/wp-content\/uploads\/2026\/08\/unnamed.jpg\" \/>\n\t<meta property=\"og:image:width\" content=\"1320\" \/>\n\t<meta property=\"og:image:height\" content=\"1646\" \/>\n\t<meta property=\"og:image:type\" content=\"image\/jpeg\" \/>\n<meta name=\"author\" content=\"pekka\" \/>\n<meta name=\"twitter:card\" content=\"summary_large_image\" \/>\n<meta name=\"twitter:label1\" content=\"Written by\" \/>\n\t<meta name=\"twitter:data1\" content=\"pekka\" \/>\n\t<meta name=\"twitter:label2\" content=\"Est. reading time\" \/>\n\t<meta name=\"twitter:data2\" content=\"1 minute\" \/>\n<script type=\"application\/ld+json\" class=\"yoast-schema-graph\">{\"@context\":\"https:\\\/\\\/schema.org\",\"@graph\":[{\"@type\":\"Article\",\"@id\":\"https:\\\/\\\/trainfactory.com\\\/en\\\/vesterinen-yhtyeineen-the-train-factorylla-28-29-8-2026\\\/#article\",\"isPartOf\":{\"@id\":\"https:\\\/\\\/trainfactory.com\\\/en\\\/vesterinen-yhtyeineen-the-train-factorylla-28-29-8-2026\\\/\"},\"author\":{\"name\":\"pekka\",\"@id\":\"https:\\\/\\\/trainfactory.com\\\/#\\\/schema\\\/person\\\/45a8ad67069213e3c46005086208eb6c\"},\"headline\":\"Vesterinen Yhtyeineen The Train Factorylla 28.\u201329.8.2026\",\"datePublished\":\"2026-08-28T05:56:57+00:00\",\"mainEntityOfPage\":{\"@id\":\"https:\\\/\\\/trainfactory.com\\\/en\\\/vesterinen-yhtyeineen-the-train-factorylla-28-29-8-2026\\\/\"},\"wordCount\":297,\"publisher\":{\"@id\":\"https:\\\/\\\/trainfactory.com\\\/#organization\"},\"image\":{\"@id\":\"https:\\\/\\\/trainfactory.com\\\/en\\\/vesterinen-yhtyeineen-the-train-factorylla-28-29-8-2026\\\/#primaryimage\"},\"thumbnailUrl\":\"https:\\\/\\\/trainfactory.com\\\/wp-content\\\/uploads\\\/2026\\\/08\\\/unnamed.jpg\",\"keywords\":[\"Yard\"],\"articleSection\":[\"Tapahtumat\"],\"inLanguage\":\"en-GB\"},{\"@type\":\"WebPage\",\"@id\":\"https:\\\/\\\/trainfactory.com\\\/en\\\/vesterinen-yhtyeineen-the-train-factorylla-28-29-8-2026\\\/\",\"url\":\"https:\\\/\\\/trainfactory.com\\\/en\\\/vesterinen-yhtyeineen-the-train-factorylla-28-29-8-2026\\\/\",\"name\":\"Vesterinen Yhtyeineen The Train Factorylla 28.\u201329.8.2026 - Trainfactory\",\"isPartOf\":{\"@id\":\"https:\\\/\\\/trainfactory.com\\\/#website\"},\"primaryImageOfPage\":{\"@id\":\"https:\\\/\\\/trainfactory.com\\\/en\\\/vesterinen-yhtyeineen-the-train-factorylla-28-29-8-2026\\\/#primaryimage\"},\"image\":{\"@id\":\"https:\\\/\\\/trainfactory.com\\\/en\\\/vesterinen-yhtyeineen-the-train-factorylla-28-29-8-2026\\\/#primaryimage\"},\"thumbnailUrl\":\"https:\\\/\\\/trainfactory.com\\\/wp-content\\\/uploads\\\/2026\\\/08\\\/unnamed.jpg\",\"datePublished\":\"2026-08-28T05:56:57+00:00\",\"breadcrumb\":{\"@id\":\"https:\\\/\\\/trainfactory.com\\\/en\\\/vesterinen-yhtyeineen-the-train-factorylla-28-29-8-2026\\\/#breadcrumb\"},\"inLanguage\":\"en-GB\",\"potentialAction\":[{\"@type\":\"ReadAction\",\"target\":[\"https:\\\/\\\/trainfactory.com\\\/en\\\/vesterinen-yhtyeineen-the-train-factorylla-28-29-8-2026\\\/\"]}]},{\"@type\":\"ImageObject\",\"inLanguage\":\"en-GB\",\"@id\":\"https:\\\/\\\/trainfactory.com\\\/en\\\/vesterinen-yhtyeineen-the-train-factorylla-28-29-8-2026\\\/#primaryimage\",\"url\":\"https:\\\/\\\/trainfactory.com\\\/wp-content\\\/uploads\\\/2026\\\/08\\\/unnamed.jpg\",\"contentUrl\":\"https:\\\/\\\/trainfactory.com\\\/wp-content\\\/uploads\\\/2026\\\/08\\\/unnamed.jpg\",\"width\":1320,\"height\":1646,\"caption\":\"Screenshot\"},{\"@type\":\"BreadcrumbList\",\"@id\":\"https:\\\/\\\/trainfactory.com\\\/en\\\/vesterinen-yhtyeineen-the-train-factorylla-28-29-8-2026\\\/#breadcrumb\",\"itemListElement\":[{\"@type\":\"ListItem\",\"position\":1,\"name\":\"Home\",\"item\":\"https:\\\/\\\/trainfactory.com\\\/\"},{\"@type\":\"ListItem\",\"position\":2,\"name\":\"Vesterinen Yhtyeineen The Train Factorylla 28.\u201329.8.2026\"}]},{\"@type\":\"WebSite\",\"@id\":\"https:\\\/\\\/trainfactory.com\\\/#website\",\"url\":\"https:\\\/\\\/trainfactory.com\\\/\",\"name\":\"Train Factory\",\"description\":\"\",\"publisher\":{\"@id\":\"https:\\\/\\\/trainfactory.com\\\/#organization\"},\"potentialAction\":[{\"@type\":\"SearchAction\",\"target\":{\"@type\":\"EntryPoint\",\"urlTemplate\":\"https:\\\/\\\/trainfactory.com\\\/?s={search_term_string}\"},\"query-input\":{\"@type\":\"PropertyValueSpecification\",\"valueRequired\":true,\"valueName\":\"search_term_string\"}}],\"inLanguage\":\"en-GB\"},{\"@type\":\"Organization\",\"@id\":\"https:\\\/\\\/trainfactory.com\\\/#organization\",\"name\":\"Train Factory\",\"url\":\"https:\\\/\\\/trainfactory.com\\\/\",\"logo\":{\"@type\":\"ImageObject\",\"inLanguage\":\"en-GB\",\"@id\":\"https:\\\/\\\/trainfactory.com\\\/#\\\/schema\\\/logo\\\/image\\\/\",\"url\":\"https:\\\/\\\/trainfactory.com\\\/wp-content\\\/uploads\\\/2026\\\/08\\\/logo-wordmark-small.png\",\"contentUrl\":\"https:\\\/\\\/trainfactory.com\\\/wp-content\\\/uploads\\\/2026\\\/08\\\/logo-wordmark-small.png\",\"width\":358,\"height\":23,\"caption\":\"Train Factory\"},\"image\":{\"@id\":\"https:\\\/\\\/trainfactory.com\\\/#\\\/schema\\\/logo\\\/image\\\/\"}},{\"@type\":\"Person\",\"@id\":\"https:\\\/\\\/trainfactory.com\\\/#\\\/schema\\\/person\\\/45a8ad67069213e3c46005086208eb6c\",\"name\":\"pekka\",\"image\":{\"@type\":\"ImageObject\",\"inLanguage\":\"en-GB\",\"@id\":\"https:\\\/\\\/secure.gravatar.com\\\/avatar\\\/8eb8d8a7eaf3bc1a8d1418251c1a89bd52017f1a375ec9ba02c7c85de731f8af?s=96&d=mm&r=g\",\"url\":\"https:\\\/\\\/secure.gravatar.com\\\/avatar\\\/8eb8d8a7eaf3bc1a8d1418251c1a89bd52017f1a375ec9ba02c7c85de731f8af?s=96&d=mm&r=g\",\"contentUrl\":\"https:\\\/\\\/secure.gravatar.com\\\/avatar\\\/8eb8d8a7eaf3bc1a8d1418251c1a89bd52017f1a375ec9ba02c7c85de731f8af?s=96&d=mm&r=g\",\"caption\":\"pekka\"},\"url\":\"https:\\\/\\\/trainfactory.com\\\/en\\\/author\\\/pekka\\\/\"}]}<\/script>\n<!-- \/ Yoast SEO plugin. -->","yoast_head_json":{"title":"Vesterinen Yhtyeineen The Train Factorylla 28.\u201329.8.2026 - Trainfactory","robots":{"index":"noindex","follow":"follow","max-snippet":"max-snippet:-1","max-image-preview":"max-image-preview:large","max-video-preview":"max-video-preview:-1"},"og_locale":"en_GB","og_type":"article","og_title":"Vesterinen Yhtyeineen The Train Factorylla 28.\u201329.8.2026 - Trainfactory","og_description":"Train Factory toivottaa Vesterinen Yhtyeineen l\u00e4mpim\u00e4sti tervetulleeksi kahdeksi erityiseksi konsertti-illaksi elokuun viimeisen\u00e4 viikonloppuna. Yhtye esiintyy Train Factoryn ulkoilmatapahtuma-alueella perjantaina 28.8. ja lauantaina 29.8.2026.&nbsp; The Train Factory \u2013 YardKonepajapasaasi 1, Helsinki Perjantai 28.8. \u2013 Hyv\u00e4ntekev\u00e4isyyskeikka Portit klo 18.00Showtime klo 20.00 Vesterinen Yhtyeineen juhlistaa 20-vuotista uraansa hyv\u00e4ntekev\u00e4isyyskeikalla Train Factorylla. Konsertin tuotot ohjataan MIELI ry:lle nuorten mielenterveysty\u00f6n tukemiseen.&nbsp; [&hellip;]","og_url":"https:\/\/trainfactory.com\/en\/vesterinen-yhtyeineen-the-train-factorylla-28-29-8-2026\/","og_site_name":"Trainfactory","article_published_time":"2026-08-28T05:56:57+00:00","og_image":[{"width":1320,"height":1646,"url":"https:\/\/trainfactory.com\/wp-content\/uploads\/2026\/08\/unnamed.jpg","type":"image\/jpeg"}],"author":"pekka","twitter_card":"summary_large_image","twitter_misc":{"Written by":"pekka","Est. reading time":"1 minute"},"schema":{"@context":"https:\/\/schema.org","@graph":[{"@type":"Article","@id":"https:\/\/trainfactory.com\/en\/vesterinen-yhtyeineen-the-train-factorylla-28-29-8-2026\/#article","isPartOf":{"@id":"https:\/\/trainfactory.com\/en\/vesterinen-yhtyeineen-the-train-factorylla-28-29-8-2026\/"},"author":{"name":"pekka","@id":"https:\/\/trainfactory.com\/#\/schema\/person\/45a8ad67069213e3c46005086208eb6c"},"headline":"Vesterinen Yhtyeineen The Train Factorylla 28.\u201329.8.2026","datePublished":"2026-08-28T05:56:57+00:00","mainEntityOfPage":{"@id":"https:\/\/trainfactory.com\/en\/vesterinen-yhtyeineen-the-train-factorylla-28-29-8-2026\/"},"wordCount":297,"publisher":{"@id":"https:\/\/trainfactory.com\/#organization"},"image":{"@id":"https:\/\/trainfactory.com\/en\/vesterinen-yhtyeineen-the-train-factorylla-28-29-8-2026\/#primaryimage"},"thumbnailUrl":"https:\/\/trainfactory.com\/wp-content\/uploads\/2026\/08\/unnamed.jpg","keywords":["Yard"],"articleSection":["Tapahtumat"],"inLanguage":"en-GB"},{"@type":"WebPage","@id":"https:\/\/trainfactory.com\/en\/vesterinen-yhtyeineen-the-train-factorylla-28-29-8-2026\/","url":"https:\/\/trainfactory.com\/en\/vesterinen-yhtyeineen-the-train-factorylla-28-29-8-2026\/","name":"Vesterinen Yhtyeineen The Train Factorylla 28.\u201329.8.2026 - Trainfactory","isPartOf":{"@id":"https:\/\/trainfactory.com\/#website"},"primaryImageOfPage":{"@id":"https:\/\/trainfactory.com\/en\/vesterinen-yhtyeineen-the-train-factorylla-28-29-8-2026\/#primaryimage"},"image":{"@id":"https:\/\/trainfactory.com\/en\/vesterinen-yhtyeineen-the-train-factorylla-28-29-8-2026\/#primaryimage"},"thumbnailUrl":"https:\/\/trainfactory.com\/wp-content\/uploads\/2026\/08\/unnamed.jpg","datePublished":"2026-08-28T05:56:57+00:00","breadcrumb":{"@id":"https:\/\/trainfactory.com\/en\/vesterinen-yhtyeineen-the-train-factorylla-28-29-8-2026\/#breadcrumb"},"inLanguage":"en-GB","potentialAction":[{"@type":"ReadAction","target":["https:\/\/trainfactory.com\/en\/vesterinen-yhtyeineen-the-train-factorylla-28-29-8-2026\/"]}]},{"@type":"ImageObject","inLanguage":"en-GB","@id":"https:\/\/trainfactory.com\/en\/vesterinen-yhtyeineen-the-train-factorylla-28-29-8-2026\/#primaryimage","url":"https:\/\/trainfactory.com\/wp-content\/uploads\/2026\/08\/unnamed.jpg","contentUrl":"https:\/\/trainfactory.com\/wp-content\/uploads\/2026\/08\/unnamed.jpg","width":1320,"height":1646,"caption":"Screenshot"},{"@type":"BreadcrumbList","@id":"https:\/\/trainfactory.com\/en\/vesterinen-yhtyeineen-the-train-factorylla-28-29-8-2026\/#breadcrumb","itemListElement":[{"@type":"ListItem","position":1,"name":"Home","item":"https:\/\/trainfactory.com\/"},{"@type":"ListItem","position":2,"name":"Vesterinen Yhtyeineen The Train Factorylla 28.\u201329.8.2026"}]},{"@type":"WebSite","@id":"https:\/\/trainfactory.com\/#website","url":"https:\/\/trainfactory.com\/","name":"Train Factory","description":"","publisher":{"@id":"https:\/\/trainfactory.com\/#organization"},"potentialAction":[{"@type":"SearchAction","target":{"@type":"EntryPoint","urlTemplate":"https:\/\/trainfactory.com\/?s={search_term_string}"},"query-input":{"@type":"PropertyValueSpecification","valueRequired":true,"valueName":"search_term_string"}}],"inLanguage":"en-GB"},{"@type":"Organization","@id":"https:\/\/trainfactory.com\/#organization","name":"Train Factory","url":"https:\/\/trainfactory.com\/","logo":{"@type":"ImageObject","inLanguage":"en-GB","@id":"https:\/\/trainfactory.com\/#\/schema\/logo\/image\/","url":"https:\/\/trainfactory.com\/wp-content\/uploads\/2026\/08\/logo-wordmark-small.png","contentUrl":"https:\/\/trainfactory.com\/wp-content\/uploads\/2026\/08\/logo-wordmark-small.png","width":358,"height":23,"caption":"Train Factory"},"image":{"@id":"https:\/\/trainfactory.com\/#\/schema\/logo\/image\/"}},{"@type":"Person","@id":"https:\/\/trainfactory.com\/#\/schema\/person\/45a8ad67069213e3c46005086208eb6c","name":"pekka","image":{"@type":"ImageObject","inLanguage":"en-GB","@id":"https:\/\/secure.gravatar.com\/avatar\/8eb8d8a7eaf3bc1a8d1418251c1a89bd52017f1a375ec9ba02c7c85de731f8af?s=96&d=mm&r=g","url":"https:\/\/secure.gravatar.com\/avatar\/8eb8d8a7eaf3bc1a8d1418251c1a89bd52017f1a375ec9ba02c7c85de731f8af?s=96&d=mm&r=g","contentUrl":"https:\/\/secure.gravatar.com\/avatar\/8eb8d8a7eaf3bc1a8d1418251c1a89bd52017f1a375ec9ba02c7c85de731f8af?s=96&d=mm&r=g","caption":"pekka"},"url":"https:\/\/trainfactory.com\/en\/author\/pekka\/"}]}},"_links":{"self":[{"href":"https:\/\/trainfactory.com\/en\/wp-json\/wp\/v2\/posts\/1424","targetHints":{"allow":["GET"]}}],"collection":[{"href":"https:\/\/trainfactory.com\/en\/wp-json\/wp\/v2\/posts"}],"about":[{"href":"https:\/\/trainfactory.com\/en\/wp-json\/wp\/v2\/types\/post"}],"author":[{"embeddable":true,"href":"https:\/\/trainfactory.com\/en\/wp-json\/wp\/v2\/users\/2"}],"replies":[{"embeddable":true,"href":"https:\/\/trainfactory.com\/en\/wp-json\/wp\/v2\/comments?post=1424"}],"version-history":[{"count":1,"href":"https:\/\/trainfactory.com\/en\/wp-json\/wp\/v2\/posts\/1424\/revisions"}],"predecessor-version":[{"id":1426,"href":"https:\/\/trainfactory.com\/en\/wp-json\/wp\/v2\/posts\/1424\/revisions\/1426"}],"wp:featuredmedia":[{"embeddable":true,"href":"https:\/\/trainfactory.com\/en\/wp-json\/wp\/v2\/media\/1425"}],"wp:attachment":[{"href":"https:\/\/trainfactory.com\/en\/wp-json\/wp\/v2\/media?parent=1424"}],"wp:term":[{"taxonomy":"category","embeddable":true,"href":"https:\/\/trainfactory.com\/en\/wp-json\/wp\/v2\/categories?post=1424"},{"taxonomy":"post_tag","embeddable":true,"href":"https:\/\/trainfactory.com\/en\/wp-json\/wp\/v2\/tags?post=1424"}],"curies":[{"name":"wp","href":"https:\/\/api.w.org\/{rel}","templated":true}]}}